{"id":9724,"date":"2018-09-21T14:43:20","date_gmt":"2018-09-21T17:43:20","guid":{"rendered":"http:\/\/newsinfoco.com.br\/?p=9724"},"modified":"2018-09-21T14:43:48","modified_gmt":"2018-09-21T17:43:48","slug":"rui-costa-lamenta-nivel-do-debate-na-tve-so-apresenta-propostas-quem-tem","status":"publish","type":"post","link":"https:\/\/newsinfoco.com.br\/inicio\/rui-costa-lamenta-nivel-do-debate-na-tve-so-apresenta-propostas-quem-tem\/","title":{"rendered":"Rui Costa lamenta n\u00edvel do debate na TVE: \u2018S\u00f3 apresenta propostas quem tem\u2019"},"content":{"rendered":"<p style=\"text-align: justify;\">Candidato \u00e0 reelei\u00e7\u00e3o, o governador Rui Costa (PT) lamentou a postura de seus advers\u00e1rios no debate da TVE na noite desta quinta-feira (21).<\/p>\n<p style=\"text-align: justify;\">\u201cInfelizmente a maioria termina usando todo o tempo s\u00f3 para fazer cr\u00edticas e ataques. Mas eu acho que \u00e9 mais uma oportunidade para quem quer apresentar proposta. Agora, s\u00f3 apresenta proposta quem tem. Espero que os candidatos apresentem propostas nos pr\u00f3ximos debates. Acho que as pessoas ficam acordadas at\u00e9 uma hora dessa para ouvir o que os candidatos t\u00eam a dizer\u201d, afirmou Rui.<\/p><div class=\"newsi-conteudo_19\" id=\"newsi-3824205527\"><a href=\"https:\/\/www.instagram.com\/prefeituraalagoinhas?igsh=YzgzdDJ1bWR3aWI4\" aria-label=\"SAVE_20251006_221555\"><img loading=\"lazy\" decoding=\"async\" src=\"https:\/\/newsinfoco.com.br\/inicio\/wp-content\/uploads\/2025\/10\/SAVE_20251006_221555-rotated.jpg\" alt=\"\"  srcset=\"https:\/\/newsinfoco.com.br\/inicio\/wp-content\/uploads\/2025\/10\/SAVE_20251006_221555-rotated.jpg 1140w, https:\/\/newsinfoco.com.br\/inicio\/wp-content\/uploads\/2025\/10\/SAVE_20251006_221555-300x52.jpg 300w, https:\/\/newsinfoco.com.br\/inicio\/wp-content\/uploads\/2025\/10\/SAVE_20251006_221555-1024x177.jpg 1024w, https:\/\/newsinfoco.com.br\/inicio\/wp-content\/uploads\/2025\/10\/SAVE_20251006_221555-768x133.jpg 768w, https:\/\/newsinfoco.com.br\/inicio\/wp-content\/uploads\/2025\/10\/SAVE_20251006_221555-600x104.jpg 600w, https:\/\/newsinfoco.com.br\/inicio\/wp-content\/uploads\/2025\/10\/SAVE_20251006_221555-696x120.jpg 696w, https:\/\/newsinfoco.com.br\/inicio\/wp-content\/uploads\/2025\/10\/SAVE_20251006_221555-1068x185.jpg 1068w\" sizes=\"(max-width: 1140px) 100vw, 1140px\" width=\"1140\" height=\"197\"   \/><\/a><\/div>\n<h6 style=\"text-align: right;\"><span style=\"color: #999999;\">Matheus Morais e Romulo Faro para o Bahia.Ba<\/span><\/h6>\n<div class='share-to-whatsapp-wrapper'><div class='share-on-whsp'>Share on: <\/div><a data-text='Rui Costa lamenta n\u00edvel do debate na TVE: \u2018S\u00f3 apresenta propostas quem tem\u2019' data-link='https:\/\/newsinfoco.com.br\/inicio\/rui-costa-lamenta-nivel-do-debate-na-tve-so-apresenta-propostas-quem-tem\/' class='whatsapp-button whatsapp-share'>WhatsApp<\/a><div class='clear '><\/div><\/div>","protected":false},"excerpt":{"rendered":"<p>Candidato \u00e0 reelei\u00e7\u00e3o, o governador Rui Costa (PT) lamentou a postura de seus advers\u00e1rios no debate da TVE na noite desta quinta-feira (21). \u201cInfelizmente a maioria termina usando todo o tempo s\u00f3 para fazer cr\u00edticas e ataques. Mas eu acho que \u00e9 mais uma oportunidade para quem quer apresentar proposta. Agora, s\u00f3 apresenta proposta quem [&hellip;]<\/p>\n","protected":false},"author":1,"featured_media":9725,"comment_status":"open","ping_status":"open","sticky":false,"template":"","format":"standard","meta":{"om_disable_all_campaigns":false,"_exactmetrics_skip_tracking":false,"_exactmetrics_sitenote_active":false,"_exactmetrics_sitenote_note":"","_exactmetrics_sitenote_category":0,"footnotes":""},"categories":[19],"tags":[],"class_list":["post-9724","post","type-post","status-publish","format-standard","has-post-thumbnail","hentry","category-bahia"],"aioseo_notices":[],"_links":{"self":[{"href":"https:\/\/newsinfoco.com.br\/inicio\/wp-json\/wp\/v2\/posts\/9724","targetHints":{"allow":["GET"]}}],"collection":[{"href":"https:\/\/newsinfoco.com.br\/inicio\/wp-json\/wp\/v2\/posts"}],"about":[{"href":"https:\/\/newsinfoco.com.br\/inicio\/wp-json\/wp\/v2\/types\/post"}],"author":[{"embeddable":true,"href":"https:\/\/newsinfoco.com.br\/inicio\/wp-json\/wp\/v2\/users\/1"}],"replies":[{"embeddable":true,"href":"https:\/\/newsinfoco.com.br\/inicio\/wp-json\/wp\/v2\/comments?post=9724"}],"version-history":[{"count":0,"href":"https:\/\/newsinfoco.com.br\/inicio\/wp-json\/wp\/v2\/posts\/9724\/revisions"}],"wp:featuredmedia":[{"embeddable":true,"href":"https:\/\/newsinfoco.com.br\/inicio\/wp-json\/wp\/v2\/media\/9725"}],"wp:attachment":[{"href":"https:\/\/newsinfoco.com.br\/inicio\/wp-json\/wp\/v2\/media?parent=9724"}],"wp:term":[{"taxonomy":"category","embeddable":true,"href":"https:\/\/newsinfoco.com.br\/inicio\/wp-json\/wp\/v2\/categories?post=9724"},{"taxonomy":"post_tag","embeddable":true,"href":"https:\/\/newsinfoco.com.br\/inicio\/wp-json\/wp\/v2\/tags?post=9724"}],"curies":[{"name":"wp","href":"https:\/\/api.w.org\/{rel}","templated":true}]}}