{"id":9841,"date":"2018-09-25T22:22:25","date_gmt":"2018-09-26T01:22:25","guid":{"rendered":"http:\/\/newsinfoco.com.br\/?p=9841"},"modified":"2018-09-25T22:22:25","modified_gmt":"2018-09-26T01:22:25","slug":"encaminhamentos-para-uma-rede-inclusiva-profissionais-da-secretaria-municipal-de-educacao-participam-de-seminario-em-salvador","status":"publish","type":"post","link":"https:\/\/newsinfoco.com.br\/inicio\/encaminhamentos-para-uma-rede-inclusiva-profissionais-da-secretaria-municipal-de-educacao-participam-de-seminario-em-salvador\/","title":{"rendered":"Encaminhamentos para uma rede inclusiva: profissionais da Secretaria Municipal de Educa\u00e7\u00e3o participam de semin\u00e1rio em Salvador"},"content":{"rendered":"<p>Com a proposta de debater o direito \u00e0 educa\u00e7\u00e3o inclusiva e refor\u00e7ando a necessidade de inser\u00e7\u00e3o total das pessoas com defici\u00eancia em todas as inst\u00e2ncias e institui\u00e7\u00f5es, profissionais da Secretaria Municipal de Educa\u00e7\u00e3o (SEDUC) participaram, na \u00faltima semana, do Semin\u00e1rio \u2018\u201dTodos por uma Educa\u00e7\u00e3o Inclusiva\u201d, na capital baiana.<\/p>\n<p><img decoding=\"async\" src=\"https:\/\/www.alagoinhas.ba.gov.br\/wp-content\/uploads\/2018\/09\/WhatsApp-Image-2018-09-21-at-16.22.21-1024x768.jpeg\" \/><\/p>\n<p style=\"text-align: justify;\"><span style=\"color: #000000;\">\u201cAs discuss\u00f5es vieram refor\u00e7ar a import\u00e2ncia de, atrav\u00e9s da educa\u00e7\u00e3o, inserir as pessoas com defici\u00eancia em todos os espa\u00e7os. \u00c9 reconhecendo a singularidade de cada um e apostando no espa\u00e7o escolar como um ambiente de igualdade, e n\u00e3o de segrega\u00e7\u00e3o, que vamos garantir novas possibilidades para a nossa rede de aprendizagem\u201d, afirmou Gilmara S\u00e1 Barreto, da rede municipal de educa\u00e7\u00e3o de Alagoinhas.<\/span><\/p><div class=\"newsi-conteudo_19\" id=\"newsi-186689520\"><a href=\"https:\/\/www.instagram.com\/prefeituraalagoinhas?igsh=YzgzdDJ1bWR3aWI4\" aria-label=\"SAVE_20251006_221555\"><img loading=\"lazy\" decoding=\"async\" src=\"https:\/\/newsinfoco.com.br\/inicio\/wp-content\/uploads\/2025\/10\/SAVE_20251006_221555-rotated.jpg\" alt=\"\"  srcset=\"https:\/\/newsinfoco.com.br\/inicio\/wp-content\/uploads\/2025\/10\/SAVE_20251006_221555-rotated.jpg 1140w, https:\/\/newsinfoco.com.br\/inicio\/wp-content\/uploads\/2025\/10\/SAVE_20251006_221555-300x52.jpg 300w, https:\/\/newsinfoco.com.br\/inicio\/wp-content\/uploads\/2025\/10\/SAVE_20251006_221555-1024x177.jpg 1024w, https:\/\/newsinfoco.com.br\/inicio\/wp-content\/uploads\/2025\/10\/SAVE_20251006_221555-768x133.jpg 768w, https:\/\/newsinfoco.com.br\/inicio\/wp-content\/uploads\/2025\/10\/SAVE_20251006_221555-600x104.jpg 600w, https:\/\/newsinfoco.com.br\/inicio\/wp-content\/uploads\/2025\/10\/SAVE_20251006_221555-696x120.jpg 696w, https:\/\/newsinfoco.com.br\/inicio\/wp-content\/uploads\/2025\/10\/SAVE_20251006_221555-1068x185.jpg 1068w\" sizes=\"(max-width: 1140px) 100vw, 1140px\" width=\"1140\" height=\"197\"   \/><\/a><\/div>\n<p style=\"text-align: justify;\"><span style=\"color: #000000;\">Segundo ela, um dos momentos mais impactantes do semin\u00e1rio foi a apresenta\u00e7\u00e3o da aluna Marcela Merc\u00eas, que cursa Administra\u00e7\u00e3o no Instituto Federal Baiano (IFBA) e tem paralisia cerebral. \u201cFoi uma palestra de encorajamento. Ela explica como o ensino superior proporcionou a ela novas possibilidades e deu a ela empoderamento. Ent\u00e3o \u00e9 um relato que evidencia a urg\u00eancia de um sistema inclusivo\u201d, pontuou.<\/span><\/p>\n<p style=\"text-align: justify;\"><span style=\"color: #000000;\">Com 4 profissionais participantes do evento, a Secretaria de Educa\u00e7\u00e3o de Alagoinhas prop\u00f4s uma discuss\u00e3o a respeito da avalia\u00e7\u00e3o, das adapta\u00e7\u00f5es curriculares e dos direitos adquiridos pelas pessoas com defici\u00eancia e Luza Karla, da SEDUC, membro do N\u00facleo da Educa\u00e7\u00e3o Inclusiva e do Conselho da Pessoa com Defici\u00eancia, teve participa\u00e7\u00e3o como ouvinte no debate, assim como Luana Alves, que ponderou sobre o direito ao ensino de qualidade para todos.<\/span><\/p>\n<p style=\"text-align: justify;\"><span style=\"color: #000000;\">As professoras que estiveram no Semin\u00e1rio enfatizaram que este tipo de iniciativa ajuda a promover uma melhor rela\u00e7\u00e3o entre pais, escolas e institui\u00e7\u00f5es que integram o sistema de garantias de direito do cidad\u00e3o. De acordo com elas, \u201ca educa\u00e7\u00e3o precisa, de fato, ser inclusiva, n\u00e3o parcialmente, mas totalmente, atendendo \u00e0s necessidades de todas as pessoas\u201d.<\/span><\/p>\n<p style=\"text-align: justify;\"><span style=\"color: #000000;\">A SEDUC informou que, a partir do evento e das reflex\u00f5es propostas, a secretaria deve desenvolver encontros, discuss\u00f5es e debates para ampliar e melhorar, no munic\u00edpio, o atendimento \u00e0 pessoa com defici\u00eancia.<\/span><\/p>\n<h6 style=\"text-align: right;\"><span style=\"color: #999999;\">Fonte: SECOM SEDUC<\/span><\/h6>\n<div style=\"text-align: justify;\" align=\"right\"><\/div>\n<div class='share-to-whatsapp-wrapper'><div class='share-on-whsp'>Share on: <\/div><a data-text='Encaminhamentos para uma rede inclusiva: profissionais da Secretaria Municipal de Educa\u00e7\u00e3o participam de semin\u00e1rio em Salvador' data-link='https:\/\/newsinfoco.com.br\/inicio\/encaminhamentos-para-uma-rede-inclusiva-profissionais-da-secretaria-municipal-de-educacao-participam-de-seminario-em-salvador\/' class='whatsapp-button whatsapp-share'>WhatsApp<\/a><div class='clear '><\/div><\/div>","protected":false},"excerpt":{"rendered":"<p>Com a proposta de debater o direito \u00e0 educa\u00e7\u00e3o inclusiva e refor\u00e7ando a necessidade de inser\u00e7\u00e3o total das pessoas com defici\u00eancia em todas as inst\u00e2ncias e institui\u00e7\u00f5es, profissionais da Secretaria Municipal de Educa\u00e7\u00e3o (SEDUC) participaram, na \u00faltima semana, do Semin\u00e1rio \u2018\u201dTodos por uma Educa\u00e7\u00e3o Inclusiva\u201d, na capital baiana. \u201cAs discuss\u00f5es vieram refor\u00e7ar a import\u00e2ncia de, [&hellip;]<\/p>\n","protected":false},"author":1,"featured_media":9842,"comment_status":"open","ping_status":"open","sticky":false,"template":"","format":"standard","meta":{"om_disable_all_campaigns":false,"_exactmetrics_skip_tracking":false,"_exactmetrics_sitenote_active":false,"_exactmetrics_sitenote_note":"","_exactmetrics_sitenote_category":0,"footnotes":""},"categories":[38,30],"tags":[53,54,107],"class_list":["post-9841","post","type-post","status-publish","format-standard","has-post-thumbnail","hentry","category-alagoinhas-e-regiao","category-destaque","tag-alagoinhas","tag-prefeitura","tag-secom-seduc"],"aioseo_notices":[],"_links":{"self":[{"href":"https:\/\/newsinfoco.com.br\/inicio\/wp-json\/wp\/v2\/posts\/9841","targetHints":{"allow":["GET"]}}],"collection":[{"href":"https:\/\/newsinfoco.com.br\/inicio\/wp-json\/wp\/v2\/posts"}],"about":[{"href":"https:\/\/newsinfoco.com.br\/inicio\/wp-json\/wp\/v2\/types\/post"}],"author":[{"embeddable":true,"href":"https:\/\/newsinfoco.com.br\/inicio\/wp-json\/wp\/v2\/users\/1"}],"replies":[{"embeddable":true,"href":"https:\/\/newsinfoco.com.br\/inicio\/wp-json\/wp\/v2\/comments?post=9841"}],"version-history":[{"count":0,"href":"https:\/\/newsinfoco.com.br\/inicio\/wp-json\/wp\/v2\/posts\/9841\/revisions"}],"wp:featuredmedia":[{"embeddable":true,"href":"https:\/\/newsinfoco.com.br\/inicio\/wp-json\/wp\/v2\/media\/9842"}],"wp:attachment":[{"href":"https:\/\/newsinfoco.com.br\/inicio\/wp-json\/wp\/v2\/media?parent=9841"}],"wp:term":[{"taxonomy":"category","embeddable":true,"href":"https:\/\/newsinfoco.com.br\/inicio\/wp-json\/wp\/v2\/categories?post=9841"},{"taxonomy":"post_tag","embeddable":true,"href":"https:\/\/newsinfoco.com.br\/inicio\/wp-json\/wp\/v2\/tags?post=9841"}],"curies":[{"name":"wp","href":"https:\/\/api.w.org\/{rel}","templated":true}]}}