{"id":9844,"date":"2018-09-25T22:25:00","date_gmt":"2018-09-26T01:25:00","guid":{"rendered":"http:\/\/newsinfoco.com.br\/?p=9844"},"modified":"2018-09-25T22:25:00","modified_gmt":"2018-09-26T01:25:00","slug":"smtt-informa-condutores-deverao-estar-atentos-as-mudancas-de-transito-na-rua-benjamin-constant","status":"publish","type":"post","link":"https:\/\/newsinfoco.com.br\/inicio\/smtt-informa-condutores-deverao-estar-atentos-as-mudancas-de-transito-na-rua-benjamin-constant\/","title":{"rendered":"SMTT informa: condutores dever\u00e3o estar atentos \u00e0s mudan\u00e7as de tr\u00e2nsito na Rua Benjamin Constant"},"content":{"rendered":"<p style=\"text-align: justify;\"><span style=\"color: #000000;\">A Superintend\u00eancia Municipal de Transporte e Tr\u00e2nsito informa que, a partir desta ter\u00e7a-feira (25), os condutores que passam pela Rua Benjamin Constant, no centro da cidade, poder\u00e3o estacionar apenas em um lado da via.<\/span><\/p>\n<p style=\"text-align: justify;\"><span style=\"color: #000000;\">De acordo com a autarquia, apesar de se tratar de uma via estreita, era permitido, ao motorista, estacionar nos dois lados da rua. Com a nova determina\u00e7\u00e3o, quem costuma pegar o trecho de acesso deve ficar alerta a partir de agora. \u201cAquele era um ponto de engarrafamento constante na via que tem uma escola e grande circula\u00e7\u00e3o de crian\u00e7as, ent\u00e3o o intuito \u00e9 desobstruir o local e melhorar a trafegabilidade, tanto para o pedestre quanto para o condutor\u201d, afirmou o Coronel Raimundo Nonato, superintendente da SMTT.<\/span><\/p><div class=\"newsi-conteudo_19\" id=\"newsi-795328264\"><a href=\"https:\/\/www.instagram.com\/prefeituraalagoinhas?igsh=YzgzdDJ1bWR3aWI4\" aria-label=\"SAVE_20251006_221555\"><img loading=\"lazy\" decoding=\"async\" src=\"https:\/\/newsinfoco.com.br\/inicio\/wp-content\/uploads\/2025\/10\/SAVE_20251006_221555-rotated.jpg\" alt=\"\"  srcset=\"https:\/\/newsinfoco.com.br\/inicio\/wp-content\/uploads\/2025\/10\/SAVE_20251006_221555-rotated.jpg 1140w, https:\/\/newsinfoco.com.br\/inicio\/wp-content\/uploads\/2025\/10\/SAVE_20251006_221555-300x52.jpg 300w, https:\/\/newsinfoco.com.br\/inicio\/wp-content\/uploads\/2025\/10\/SAVE_20251006_221555-1024x177.jpg 1024w, https:\/\/newsinfoco.com.br\/inicio\/wp-content\/uploads\/2025\/10\/SAVE_20251006_221555-768x133.jpg 768w, https:\/\/newsinfoco.com.br\/inicio\/wp-content\/uploads\/2025\/10\/SAVE_20251006_221555-600x104.jpg 600w, https:\/\/newsinfoco.com.br\/inicio\/wp-content\/uploads\/2025\/10\/SAVE_20251006_221555-696x120.jpg 696w, https:\/\/newsinfoco.com.br\/inicio\/wp-content\/uploads\/2025\/10\/SAVE_20251006_221555-1068x185.jpg 1068w\" sizes=\"(max-width: 1140px) 100vw, 1140px\" width=\"1140\" height=\"197\"   \/><\/a><\/div>\n<p style=\"text-align: justify;\"><span style=\"color: #000000;\">A autarquia informou que a via ser\u00e1 sinalizada com uma faixa de pedestres e comunicou que a popula\u00e7\u00e3o ter\u00e1, a partir de hoje (25), cinco dias \u00fateis para adapta\u00e7\u00e3o. Dentro desse prazo, os agentes de tr\u00e2nsito estar\u00e3o no local orientando condutores sobre a nova determina\u00e7\u00e3o.<\/span><\/p>\n<p style=\"text-align: justify;\"><span style=\"color: #000000;\">A SMTT ressaltou que, de acordo com o Art. 48 do C\u00f3digo de Tr\u00e2nsito Brasileiro, nas paradas, opera\u00e7\u00f5es de carga ou descarga e nos estacionamentos, o ve\u00edculo dever\u00e1 ser posicionado no sentido do fluxo, paralelo ao bordo da pista de rolamento e junto \u00e0 guia da cal\u00e7ada (meio-fio).<\/span><\/p>\n<h6 style=\"text-align: right;\"><span style=\"color: #999999;\">Fonte: SECOM SMTT<\/span><\/h6>\n<div style=\"text-align: justify;\" align=\"right\"><\/div>\n<div class='share-to-whatsapp-wrapper'><div class='share-on-whsp'>Share on: <\/div><a data-text='SMTT informa: condutores dever\u00e3o estar atentos \u00e0s mudan\u00e7as de tr\u00e2nsito na Rua Benjamin Constant' data-link='https:\/\/newsinfoco.com.br\/inicio\/smtt-informa-condutores-deverao-estar-atentos-as-mudancas-de-transito-na-rua-benjamin-constant\/' class='whatsapp-button whatsapp-share'>WhatsApp<\/a><div class='clear '><\/div><\/div>","protected":false},"excerpt":{"rendered":"<p>A Superintend\u00eancia Municipal de Transporte e Tr\u00e2nsito informa que, a partir desta ter\u00e7a-feira (25), os condutores que passam pela Rua Benjamin Constant, no centro da cidade, poder\u00e3o estacionar apenas em um lado da via. De acordo com a autarquia, apesar de se tratar de uma via estreita, era permitido, ao motorista, estacionar nos dois lados [&hellip;]<\/p>\n","protected":false},"author":1,"featured_media":9845,"comment_status":"open","ping_status":"open","sticky":false,"template":"","format":"standard","meta":{"om_disable_all_campaigns":false,"_exactmetrics_skip_tracking":false,"_exactmetrics_sitenote_active":false,"_exactmetrics_sitenote_note":"","_exactmetrics_sitenote_category":0,"footnotes":""},"categories":[38,30],"tags":[53,54,126],"class_list":["post-9844","post","type-post","status-publish","format-standard","has-post-thumbnail","hentry","category-alagoinhas-e-regiao","category-destaque","tag-alagoinhas","tag-prefeitura","tag-secom-smtt"],"aioseo_notices":[],"_links":{"self":[{"href":"https:\/\/newsinfoco.com.br\/inicio\/wp-json\/wp\/v2\/posts\/9844","targetHints":{"allow":["GET"]}}],"collection":[{"href":"https:\/\/newsinfoco.com.br\/inicio\/wp-json\/wp\/v2\/posts"}],"about":[{"href":"https:\/\/newsinfoco.com.br\/inicio\/wp-json\/wp\/v2\/types\/post"}],"author":[{"embeddable":true,"href":"https:\/\/newsinfoco.com.br\/inicio\/wp-json\/wp\/v2\/users\/1"}],"replies":[{"embeddable":true,"href":"https:\/\/newsinfoco.com.br\/inicio\/wp-json\/wp\/v2\/comments?post=9844"}],"version-history":[{"count":0,"href":"https:\/\/newsinfoco.com.br\/inicio\/wp-json\/wp\/v2\/posts\/9844\/revisions"}],"wp:featuredmedia":[{"embeddable":true,"href":"https:\/\/newsinfoco.com.br\/inicio\/wp-json\/wp\/v2\/media\/9845"}],"wp:attachment":[{"href":"https:\/\/newsinfoco.com.br\/inicio\/wp-json\/wp\/v2\/media?parent=9844"}],"wp:term":[{"taxonomy":"category","embeddable":true,"href":"https:\/\/newsinfoco.com.br\/inicio\/wp-json\/wp\/v2\/categories?post=9844"},{"taxonomy":"post_tag","embeddable":true,"href":"https:\/\/newsinfoco.com.br\/inicio\/wp-json\/wp\/v2\/tags?post=9844"}],"curies":[{"name":"wp","href":"https:\/\/api.w.org\/{rel}","templated":true}]}}