{"id":9847,"date":"2018-09-25T22:28:56","date_gmt":"2018-09-26T01:28:56","guid":{"rendered":"http:\/\/newsinfoco.com.br\/?p=9847"},"modified":"2018-09-25T22:28:56","modified_gmt":"2018-09-26T01:28:56","slug":"fortalecimento-de-vinculos-prefeitura-promove-aula-inaugural-de-ginastica-no-cras-de-riacho-da-guia","status":"publish","type":"post","link":"https:\/\/newsinfoco.com.br\/inicio\/fortalecimento-de-vinculos-prefeitura-promove-aula-inaugural-de-ginastica-no-cras-de-riacho-da-guia\/","title":{"rendered":"Fortalecimento de v\u00ednculos: Prefeitura promove aula inaugural de gin\u00e1stica no CRAS de Riacho da Guia"},"content":{"rendered":"<p style=\"text-align: justify;\">A Prefeitura Municipal, atrav\u00e9s da Secretaria de Assist\u00eancia Social (SEMAS), promoveu, esta semana, uma aula inaugural de gin\u00e1stica no Centro de Refer\u00eancia de Assist\u00eancia Social (CRAS) de Riacho da Guia.<\/p>\n<p style=\"text-align: justify;\">A atividade complementar, desenvolvida para usu\u00e1rios do Servi\u00e7o de Conviv\u00eancia e Fortalecimento de V\u00ednculos (SCFV), tem car\u00e1ter permanente e deve ser realizada \u00e0s segundas-feiras, no turno vespertino, a partir das 14h.<\/p><div class=\"newsi-conteudo_19\" id=\"newsi-277221394\"><a href=\"https:\/\/www.instagram.com\/prefeituraalagoinhas?igsh=YzgzdDJ1bWR3aWI4\" aria-label=\"SAVE_20251006_221555\"><img loading=\"lazy\" decoding=\"async\" src=\"https:\/\/newsinfoco.com.br\/inicio\/wp-content\/uploads\/2025\/10\/SAVE_20251006_221555-rotated.jpg\" alt=\"\"  srcset=\"https:\/\/newsinfoco.com.br\/inicio\/wp-content\/uploads\/2025\/10\/SAVE_20251006_221555-rotated.jpg 1140w, https:\/\/newsinfoco.com.br\/inicio\/wp-content\/uploads\/2025\/10\/SAVE_20251006_221555-300x52.jpg 300w, https:\/\/newsinfoco.com.br\/inicio\/wp-content\/uploads\/2025\/10\/SAVE_20251006_221555-1024x177.jpg 1024w, https:\/\/newsinfoco.com.br\/inicio\/wp-content\/uploads\/2025\/10\/SAVE_20251006_221555-768x133.jpg 768w, https:\/\/newsinfoco.com.br\/inicio\/wp-content\/uploads\/2025\/10\/SAVE_20251006_221555-600x104.jpg 600w, https:\/\/newsinfoco.com.br\/inicio\/wp-content\/uploads\/2025\/10\/SAVE_20251006_221555-696x120.jpg 696w, https:\/\/newsinfoco.com.br\/inicio\/wp-content\/uploads\/2025\/10\/SAVE_20251006_221555-1068x185.jpg 1068w\" sizes=\"(max-width: 1140px) 100vw, 1140px\" width=\"1140\" height=\"197\"   \/><\/a><\/div>\n<p><img decoding=\"async\" src=\"https:\/\/www.alagoinhas.ba.gov.br\/wp-content\/uploads\/2018\/09\/WhatsApp-Image-2018-09-25-at-07.51.14-1024x768.jpeg\" \/><\/p>\n<p style=\"text-align: justify;\"><span style=\"color: #000000;\">De acordo com o coordenador geral do CRAS, Ruidinaldo da Costa, as oficinas s\u00e3o supervisionadas por educadores f\u00edsicos e t\u00eam como objetivo estimular os usu\u00e1rios e efetivar o v\u00ednculo afetivo, fortalecendo a a\u00e7\u00e3o social no munic\u00edpio.<\/span><\/p>\n<p style=\"text-align: justify;\"><span style=\"color: #000000;\">Para Roselle Amorin, do CRAS de Riacho da Guia, al\u00e9m de incentivar a participa\u00e7\u00e3o do p\u00fablico-alvo e de envolver a comunidade em atividades ligadas ao esporte, ao lazer, \u00e0 arte e \u00e0 cultura, as oficinas dos CRAS s\u00e3o um exemplo de a\u00e7\u00f5es articuladas que garantem direitos do cidad\u00e3o.<\/span><\/p>\n<p style=\"text-align: justify;\"><span style=\"color: #000000;\">\u201cO trabalho social com as fam\u00edlias no SUAS \u00e9 muito importante. Por isso, promover o constante fortalecimento do Sistema \u00danico de Assist\u00eancia Social e ofertar a\u00e7\u00f5es que garantam esses direitos \u00e9 fundamental. Quem participa das oficinas s\u00e3o as pessoas que frequentam o CRAS, tanto nos grupos do Servi\u00e7o de Conviv\u00eancia e Fortalecimento de V\u00ednculos, como nos diversos servi\u00e7os que o CRAS oferece para a comunidade e adjac\u00eancias\u201d, explicou Amorin.<\/span><\/p>\n<p style=\"text-align: justify;\"><img decoding=\"async\" src=\"https:\/\/www.alagoinhas.ba.gov.br\/wp-content\/uploads\/2018\/09\/WhatsApp-Image-2018-09-25-at-07.51.15-3-1024x768.jpeg\" \/><\/p>\n<p style=\"text-align: justify;\"><span style=\"color: #000000;\">Atualmente, o CRAS de Riacho da Guia oferece, al\u00e9m das aulas de gin\u00e1stica, oficinas de violino, canto coral, futebol e dan\u00e7a.<\/span><\/p>\n<p style=\"text-align: justify;\"><span style=\"color: #000000;\">A previs\u00e3o, de acordo com a SEMAS, \u00e9 de que essas atividades sejam cont\u00ednuas e que atendam a um n\u00famero cada vez maior de participantes, envolvendo a comunidade e abarcando as necessidades de cada localidade.<\/span><\/p>\n<p style=\"text-align: justify;\"><span style=\"color: #000000;\">A secretaria informou ainda que oficinas t\u00eam sido realizadas em todos os CRAS desde maio deste ano. A SEMAS comunicou que as a\u00e7\u00f5es desenvolvidas fazem parte da integra\u00e7\u00e3o entre eixos que devem fortalecer a pol\u00edtica de assist\u00eancia social em Alagoinhas.<\/span><\/p>\n<h6 style=\"text-align: right;\"><span style=\"color: #999999;\">Fonte: SECOM SEMAS<\/span><\/h6>\n<div class='share-to-whatsapp-wrapper'><div class='share-on-whsp'>Share on: <\/div><a data-text='Fortalecimento de v\u00ednculos: Prefeitura promove aula inaugural de gin\u00e1stica no CRAS de Riacho da Guia' data-link='https:\/\/newsinfoco.com.br\/inicio\/fortalecimento-de-vinculos-prefeitura-promove-aula-inaugural-de-ginastica-no-cras-de-riacho-da-guia\/' class='whatsapp-button whatsapp-share'>WhatsApp<\/a><div class='clear '><\/div><\/div>","protected":false},"excerpt":{"rendered":"<p>A Prefeitura Municipal, atrav\u00e9s da Secretaria de Assist\u00eancia Social (SEMAS), promoveu, esta semana, uma aula inaugural de gin\u00e1stica no Centro de Refer\u00eancia de Assist\u00eancia Social (CRAS) de Riacho da Guia. A atividade complementar, desenvolvida para usu\u00e1rios do Servi\u00e7o de Conviv\u00eancia e Fortalecimento de V\u00ednculos (SCFV), tem car\u00e1ter permanente e deve ser realizada \u00e0s segundas-feiras, no [&hellip;]<\/p>\n","protected":false},"author":1,"featured_media":9848,"comment_status":"open","ping_status":"open","sticky":false,"template":"","format":"standard","meta":{"om_disable_all_campaigns":false,"_exactmetrics_skip_tracking":false,"_exactmetrics_sitenote_active":false,"_exactmetrics_sitenote_note":"","_exactmetrics_sitenote_category":0,"footnotes":""},"categories":[38,30],"tags":[53,54,120],"class_list":["post-9847","post","type-post","status-publish","format-standard","has-post-thumbnail","hentry","category-alagoinhas-e-regiao","category-destaque","tag-alagoinhas","tag-prefeitura","tag-secom-semas"],"aioseo_notices":[],"_links":{"self":[{"href":"https:\/\/newsinfoco.com.br\/inicio\/wp-json\/wp\/v2\/posts\/9847","targetHints":{"allow":["GET"]}}],"collection":[{"href":"https:\/\/newsinfoco.com.br\/inicio\/wp-json\/wp\/v2\/posts"}],"about":[{"href":"https:\/\/newsinfoco.com.br\/inicio\/wp-json\/wp\/v2\/types\/post"}],"author":[{"embeddable":true,"href":"https:\/\/newsinfoco.com.br\/inicio\/wp-json\/wp\/v2\/users\/1"}],"replies":[{"embeddable":true,"href":"https:\/\/newsinfoco.com.br\/inicio\/wp-json\/wp\/v2\/comments?post=9847"}],"version-history":[{"count":0,"href":"https:\/\/newsinfoco.com.br\/inicio\/wp-json\/wp\/v2\/posts\/9847\/revisions"}],"wp:featuredmedia":[{"embeddable":true,"href":"https:\/\/newsinfoco.com.br\/inicio\/wp-json\/wp\/v2\/media\/9848"}],"wp:attachment":[{"href":"https:\/\/newsinfoco.com.br\/inicio\/wp-json\/wp\/v2\/media?parent=9847"}],"wp:term":[{"taxonomy":"category","embeddable":true,"href":"https:\/\/newsinfoco.com.br\/inicio\/wp-json\/wp\/v2\/categories?post=9847"},{"taxonomy":"post_tag","embeddable":true,"href":"https:\/\/newsinfoco.com.br\/inicio\/wp-json\/wp\/v2\/tags?post=9847"}],"curies":[{"name":"wp","href":"https:\/\/api.w.org\/{rel}","templated":true}]}}