{"id":9856,"date":"2018-09-26T17:39:15","date_gmt":"2018-09-26T20:39:15","guid":{"rendered":"http:\/\/newsinfoco.com.br\/?p=9856"},"modified":"2018-09-26T17:39:15","modified_gmt":"2018-09-26T20:39:15","slug":"com-apoio-da-prefeitura-festival-food-truck-na-estrada-e-sucesso-de-publico-e-geracao-de-receita-para-a-cidade","status":"publish","type":"post","link":"https:\/\/newsinfoco.com.br\/inicio\/com-apoio-da-prefeitura-festival-food-truck-na-estrada-e-sucesso-de-publico-e-geracao-de-receita-para-a-cidade\/","title":{"rendered":"Com apoio da prefeitura, Festival Food Truck na Estrada \u00e9 sucesso de p\u00fablico e gera\u00e7\u00e3o de receita para a cidade"},"content":{"rendered":"<p>O \u00faltimo final de semana ficou marcado na mem\u00f3ria da popula\u00e7\u00e3o de Alagoinhas. Com apoio da prefeitura, o munic\u00edpio recebeu, pela primeira vez, o Festival Food Truck na Estrada, evento gastron\u00f4mico e cultural itinerante, que re\u00fane os melhores food trucks do sul do pa\u00eds.<\/p>\n<p><img decoding=\"async\" src=\"https:\/\/www.alagoinhas.ba.gov.br\/wp-content\/uploads\/2018\/09\/34ec9b7d-13e3-42c4-9c81-82f6ea47a287-1024x678.jpg\" \/><\/p>\n<p style=\"text-align: justify;\">Realizado na Pra\u00e7a Rui Barbosa, entre os dias 20 e 23 de setembro, o evento foi sucesso total entre as pessoas que frequentaram. O espa\u00e7o ficou repleto de fam\u00edlias, grupos de amigos e trabalho que formaram filas enormes para aproveitar as diversas op\u00e7\u00f5es de hamb\u00fargueres artesanais, churros, chuvettes e sorvetes gourmet e chopps artesanais. O festival contou\u00a0 tamb\u00e9m com cinema 6D, shows com cantores locais e muitas atividades culturais promovidas por parceiros.<\/p><div class=\"newsi-conteudo_19\" id=\"newsi-2138312957\"><a href=\"https:\/\/www.instagram.com\/prefeituraalagoinhas?igsh=YzgzdDJ1bWR3aWI4\" aria-label=\"SAVE_20251006_221555\"><img loading=\"lazy\" decoding=\"async\" src=\"https:\/\/newsinfoco.com.br\/inicio\/wp-content\/uploads\/2025\/10\/SAVE_20251006_221555-rotated.jpg\" alt=\"\"  srcset=\"https:\/\/newsinfoco.com.br\/inicio\/wp-content\/uploads\/2025\/10\/SAVE_20251006_221555-rotated.jpg 1140w, https:\/\/newsinfoco.com.br\/inicio\/wp-content\/uploads\/2025\/10\/SAVE_20251006_221555-300x52.jpg 300w, https:\/\/newsinfoco.com.br\/inicio\/wp-content\/uploads\/2025\/10\/SAVE_20251006_221555-1024x177.jpg 1024w, https:\/\/newsinfoco.com.br\/inicio\/wp-content\/uploads\/2025\/10\/SAVE_20251006_221555-768x133.jpg 768w, https:\/\/newsinfoco.com.br\/inicio\/wp-content\/uploads\/2025\/10\/SAVE_20251006_221555-600x104.jpg 600w, https:\/\/newsinfoco.com.br\/inicio\/wp-content\/uploads\/2025\/10\/SAVE_20251006_221555-696x120.jpg 696w, https:\/\/newsinfoco.com.br\/inicio\/wp-content\/uploads\/2025\/10\/SAVE_20251006_221555-1068x185.jpg 1068w\" sizes=\"(max-width: 1140px) 100vw, 1140px\" width=\"1140\" height=\"197\"   \/><\/a><\/div>\n<p><img decoding=\"async\" src=\"https:\/\/www.alagoinhas.ba.gov.br\/wp-content\/uploads\/2018\/09\/ecb4a7ee-5d07-4c54-af9b-ecb36ddfaf93-1024x678.jpg\" \/><\/p>\n<p style=\"text-align: justify;\">O sucesso do evento\u00a0 refletiu em v\u00e1rios setores da economia do munic\u00edpio, desde a gera\u00e7\u00e3o de emprego e renda, com a contrata\u00e7\u00e3o de m\u00e3o-de-obra local diretamente pela organiza\u00e7\u00e3o \u00e0 receita que foi trazida para o munic\u00edpio, com a compra de insumos, bebidas, manuten\u00e7\u00e3o, combust\u00edvel, loca\u00e7\u00e3o do espa\u00e7o, m\u00eddia e alimenta\u00e7\u00e3o em restaurantes, al\u00e9m\u00a0dos hot\u00e9is que ficaram lotados no per\u00edodo e as empresas locais que se envolveram para que o festival acontecesse.<\/p>\n<p>&nbsp;<\/p>\n<p><img decoding=\"async\" src=\"https:\/\/www.alagoinhas.ba.gov.br\/wp-content\/uploads\/2018\/09\/c783c39b-ce4c-4771-9295-4d790c76c99a-1024x678.jpg\" \/><\/p>\n<p style=\"text-align: justify;\">O prefeito Joaquim Neto falou da import\u00e2ncia para cidade receber um festival como esse. \u201cUm evento desse porte tem um impacto econ\u00f4mico muito importante, al\u00e9m de oferecer aos moradores e visitantes uma experi\u00eancia gastron\u00f4mica \u00fanica, corrobora para a valoriza\u00e7\u00e3o das diversas op\u00e7\u00f5es de lazer e culturais que temos na cidade \u201d, afirma. O organizador do festival, Eduardo Lacerda, explica um pouco mais sobre o trabalho: \u201cEm todas as cidades que gente passa, compramos todas as mat\u00e9rias \u2013 primas no munic\u00edpio. A m\u00e3o-de obra tamb\u00e9m \u00e9 local, com contrata\u00e7\u00e3o de pessoas sem experi\u00eancia em food truck, garantindo uma forma\u00e7\u00e3o e a continuidade do movimento na cidade\u201d, afirmou Eduardo. \u201cS\u00f3 tenho a agradecer todo o apoio do\u00a0 prefeito, da secret\u00e1ria de Cultura e vice-prefeita, Iraci Gama e das equipes da Secretaria de Servi\u00e7os P\u00fablicos e da SMTT, que n\u00e3o mediram esfor\u00e7os para nos ajudar com a log\u00edstica e fornecedores\u201d, completou.<\/p>\n<p><img decoding=\"async\" src=\"https:\/\/www.alagoinhas.ba.gov.br\/wp-content\/uploads\/2018\/09\/932ae91b-cc86-4d88-9e0f-e3fa94933e4c-1024x678.jpg\" \/><\/p>\n<p style=\"text-align: justify;\">Haniely de Souza, 19 anos, foi uma das contratadas para trabalhar no festival. Ela, que at\u00e9 o momento n\u00e3o tinha nenhuma experi\u00eancia no setor de alimenta\u00e7\u00e3o, conta que atuar no festival, lhe trouxe uma bagagem que vai acrescentar muito na sua vida profissional. \u201cO trabalho no festival nos deu um treinamento especializado, al\u00e9m de nos proporcionar um bom conhecimento sobre atendimento ao p\u00fablico em geral\u201d, afirmou.<\/p>\n<p><img decoding=\"async\" src=\"https:\/\/www.alagoinhas.ba.gov.br\/wp-content\/uploads\/2018\/09\/bc43131c-500e-4465-89d9-ef48716bad14-1024x678.jpg\" \/><\/p>\n<p style=\"text-align: right;\">Fonte: SECOM<\/p>\n<div class='share-to-whatsapp-wrapper'><div class='share-on-whsp'>Share on: <\/div><a data-text='Com apoio da prefeitura, Festival Food Truck na Estrada \u00e9 sucesso de p\u00fablico e gera\u00e7\u00e3o de receita para a cidade' data-link='https:\/\/newsinfoco.com.br\/inicio\/com-apoio-da-prefeitura-festival-food-truck-na-estrada-e-sucesso-de-publico-e-geracao-de-receita-para-a-cidade\/' class='whatsapp-button whatsapp-share'>WhatsApp<\/a><div class='clear '><\/div><\/div>","protected":false},"excerpt":{"rendered":"<p>O \u00faltimo final de semana ficou marcado na mem\u00f3ria da popula\u00e7\u00e3o de Alagoinhas. Com apoio da prefeitura, o munic\u00edpio recebeu, pela primeira vez, o Festival Food Truck na Estrada, evento gastron\u00f4mico e cultural itinerante, que re\u00fane os melhores food trucks do sul do pa\u00eds. Realizado na Pra\u00e7a Rui Barbosa, entre os dias 20 e 23 [&hellip;]<\/p>\n","protected":false},"author":1,"featured_media":9857,"comment_status":"open","ping_status":"open","sticky":false,"template":"","format":"standard","meta":{"om_disable_all_campaigns":false,"_exactmetrics_skip_tracking":false,"_exactmetrics_sitenote_active":false,"_exactmetrics_sitenote_note":"","_exactmetrics_sitenote_category":0,"footnotes":""},"categories":[38,30],"tags":[53,54,56],"class_list":["post-9856","post","type-post","status-publish","format-standard","has-post-thumbnail","hentry","category-alagoinhas-e-regiao","category-destaque","tag-alagoinhas","tag-prefeitura","tag-secom"],"aioseo_notices":[],"_links":{"self":[{"href":"https:\/\/newsinfoco.com.br\/inicio\/wp-json\/wp\/v2\/posts\/9856","targetHints":{"allow":["GET"]}}],"collection":[{"href":"https:\/\/newsinfoco.com.br\/inicio\/wp-json\/wp\/v2\/posts"}],"about":[{"href":"https:\/\/newsinfoco.com.br\/inicio\/wp-json\/wp\/v2\/types\/post"}],"author":[{"embeddable":true,"href":"https:\/\/newsinfoco.com.br\/inicio\/wp-json\/wp\/v2\/users\/1"}],"replies":[{"embeddable":true,"href":"https:\/\/newsinfoco.com.br\/inicio\/wp-json\/wp\/v2\/comments?post=9856"}],"version-history":[{"count":0,"href":"https:\/\/newsinfoco.com.br\/inicio\/wp-json\/wp\/v2\/posts\/9856\/revisions"}],"wp:featuredmedia":[{"embeddable":true,"href":"https:\/\/newsinfoco.com.br\/inicio\/wp-json\/wp\/v2\/media\/9857"}],"wp:attachment":[{"href":"https:\/\/newsinfoco.com.br\/inicio\/wp-json\/wp\/v2\/media?parent=9856"}],"wp:term":[{"taxonomy":"category","embeddable":true,"href":"https:\/\/newsinfoco.com.br\/inicio\/wp-json\/wp\/v2\/categories?post=9856"},{"taxonomy":"post_tag","embeddable":true,"href":"https:\/\/newsinfoco.com.br\/inicio\/wp-json\/wp\/v2\/tags?post=9856"}],"curies":[{"name":"wp","href":"https:\/\/api.w.org\/{rel}","templated":true}]}}