{"id":9947,"date":"2018-09-28T20:21:56","date_gmt":"2018-09-28T23:21:56","guid":{"rendered":"http:\/\/newsinfoco.com.br\/?p=9947"},"modified":"2018-09-28T20:21:56","modified_gmt":"2018-09-28T23:21:56","slug":"obras-da-creche-de-alagoinhas-velha-seguem-em-ritmo-acelerado","status":"publish","type":"post","link":"https:\/\/newsinfoco.com.br\/inicio\/obras-da-creche-de-alagoinhas-velha-seguem-em-ritmo-acelerado\/","title":{"rendered":"Obras da creche de Alagoinhas Velha seguem em ritmo acelerado"},"content":{"rendered":"<p style=\"text-align: justify;\">A obras de constru\u00e7\u00e3o da creche modelo, que atender\u00e1 240 crian\u00e7as da Alagoinhas IV, no bairro Alagoinhas Velha, prosseguem em ritmo acelerado. Esta \u00e9 uma das duas obras de creches que foram paralisadas pela gest\u00e3o anterior, e que agora s\u00e3o reiniciadas pela administra\u00e7\u00e3o do prefeito Joaquim Neto. A outra \u00e9 a da Baixa da Candeia, que tem capacidade para 120 alunos.<\/p>\n<p><img decoding=\"async\" src=\"https:\/\/www.alagoinhas.ba.gov.br\/wp-content\/uploads\/2018\/09\/a64b3f69-9800-4a0d-bab8-3a873f3097aa-1024x678.jpg\" \/><\/p>\n<p style=\"text-align: justify;\"><span style=\"color: #000000;\">A unidade est\u00e1 sendo edificada numa \u00e1rea de aproximadamente 1000m\u00b2 e contar\u00e1 com dois blocos pedag\u00f3gicos, salas multiuso, p\u00e1tio coberto, espa\u00e7o de lazer e playground para crian\u00e7as de 0 a 5 anos. \u201c\u00c9 a retomada de uma obra parada h\u00e1 quatro anos, e estamos trabalhando \u00a0a todo vapor desde que foram resolvidas as quest\u00f5es administrativas e t\u00e9cnicas\u201d, disse o secret\u00e1rio da Educa\u00e7\u00e3o (SEDUC), Fabr\u00edcio Faro.<\/span><\/p><div class=\"newsi-conteudo_19\" id=\"newsi-2018989308\"><a href=\"https:\/\/www.instagram.com\/prefeituraalagoinhas?igsh=YzgzdDJ1bWR3aWI4\" aria-label=\"SAVE_20251006_221555\"><img loading=\"lazy\" decoding=\"async\" src=\"https:\/\/newsinfoco.com.br\/inicio\/wp-content\/uploads\/2025\/10\/SAVE_20251006_221555-rotated.jpg\" alt=\"\"  srcset=\"https:\/\/newsinfoco.com.br\/inicio\/wp-content\/uploads\/2025\/10\/SAVE_20251006_221555-rotated.jpg 1140w, https:\/\/newsinfoco.com.br\/inicio\/wp-content\/uploads\/2025\/10\/SAVE_20251006_221555-300x52.jpg 300w, https:\/\/newsinfoco.com.br\/inicio\/wp-content\/uploads\/2025\/10\/SAVE_20251006_221555-1024x177.jpg 1024w, https:\/\/newsinfoco.com.br\/inicio\/wp-content\/uploads\/2025\/10\/SAVE_20251006_221555-768x133.jpg 768w, https:\/\/newsinfoco.com.br\/inicio\/wp-content\/uploads\/2025\/10\/SAVE_20251006_221555-600x104.jpg 600w, https:\/\/newsinfoco.com.br\/inicio\/wp-content\/uploads\/2025\/10\/SAVE_20251006_221555-696x120.jpg 696w, https:\/\/newsinfoco.com.br\/inicio\/wp-content\/uploads\/2025\/10\/SAVE_20251006_221555-1068x185.jpg 1068w\" sizes=\"(max-width: 1140px) 100vw, 1140px\" width=\"1140\" height=\"197\"   \/><\/a><\/div>\n<p style=\"text-align: justify;\"><span style=\"color: #000000;\">O prefeito Joaquim Neto destacou que, com a retomada das obras da unidade de Alagoinhas Velha, a prefeitura vai contabilizar cinco creches em andamento em menos de dois anos de gest\u00e3o, garantindo mais de mil novas vagas para a Educa\u00e7\u00e3o Infantil no munic\u00edpio. \u201cAs cinco \u00a0creches que est\u00e3o sendo constru\u00eddas, as cinco escolas requalificadas at\u00e9 agora e a unidade que foi constru\u00edda neste per\u00edodo mostram efici\u00eancia e compromisso com as fam\u00edlias de Alagoinhas\u201d, disse o prefeito.<\/span><\/p>\n<p style=\"text-align: justify;\"><span style=\"color: #000000;\">Para a dona de casa, Luana Thyelle Chaves, 29 anos, \u00a0a nova creche, al\u00e9m de ser sin\u00f4nimo de educa\u00e7\u00e3o infantil de qualidade, possibilitar\u00e1 seu crescimento financeiro e desenvolvimento profissional. Separada e m\u00e3e de uma menina de 7 e de um menino de 1 ano e 7 meses, ela conta que n\u00e3o trabalha h\u00e1 mais de dois anos porque n\u00e3o tem com quem deixar os filhos.\u201dIsso \u00e9 maravilhoso porque j\u00e1 vimos essa obra come\u00e7ar uma vez para, logo depois, ficar parada. Agora, a espera vai acabar e eu vou poder voltar a estudar, trabalhar. Estou muito feliz, de verdade\u201d, disse Thyelle, que mora na Rua Alameda 10, na Alagoinhas IV, a poucos metros da creche.<\/span><\/p>\n<p><img decoding=\"async\" src=\"https:\/\/www.alagoinhas.ba.gov.br\/wp-content\/uploads\/2018\/09\/00a3f547-b973-4135-b7fa-f9f75a48db97-1024x678.jpg\" \/><\/p>\n<h6 style=\"text-align: right;\"><span style=\"color: #999999;\">Fonte: SECOM SEDUC<\/span><\/h6>\n<div class='share-to-whatsapp-wrapper'><div class='share-on-whsp'>Share on: <\/div><a data-text='Obras da creche de Alagoinhas Velha seguem em ritmo acelerado' data-link='https:\/\/newsinfoco.com.br\/inicio\/obras-da-creche-de-alagoinhas-velha-seguem-em-ritmo-acelerado\/' class='whatsapp-button whatsapp-share'>WhatsApp<\/a><div class='clear '><\/div><\/div>","protected":false},"excerpt":{"rendered":"<p>A obras de constru\u00e7\u00e3o da creche modelo, que atender\u00e1 240 crian\u00e7as da Alagoinhas IV, no bairro Alagoinhas Velha, prosseguem em ritmo acelerado. Esta \u00e9 uma das duas obras de creches que foram paralisadas pela gest\u00e3o anterior, e que agora s\u00e3o reiniciadas pela administra\u00e7\u00e3o do prefeito Joaquim Neto. A outra \u00e9 a da Baixa da Candeia, [&hellip;]<\/p>\n","protected":false},"author":1,"featured_media":9949,"comment_status":"open","ping_status":"open","sticky":false,"template":"","format":"standard","meta":{"om_disable_all_campaigns":false,"_exactmetrics_skip_tracking":false,"_exactmetrics_sitenote_active":false,"_exactmetrics_sitenote_note":"","_exactmetrics_sitenote_category":0,"footnotes":""},"categories":[38,30],"tags":[53,54,107],"class_list":["post-9947","post","type-post","status-publish","format-standard","has-post-thumbnail","hentry","category-alagoinhas-e-regiao","category-destaque","tag-alagoinhas","tag-prefeitura","tag-secom-seduc"],"aioseo_notices":[],"_links":{"self":[{"href":"https:\/\/newsinfoco.com.br\/inicio\/wp-json\/wp\/v2\/posts\/9947","targetHints":{"allow":["GET"]}}],"collection":[{"href":"https:\/\/newsinfoco.com.br\/inicio\/wp-json\/wp\/v2\/posts"}],"about":[{"href":"https:\/\/newsinfoco.com.br\/inicio\/wp-json\/wp\/v2\/types\/post"}],"author":[{"embeddable":true,"href":"https:\/\/newsinfoco.com.br\/inicio\/wp-json\/wp\/v2\/users\/1"}],"replies":[{"embeddable":true,"href":"https:\/\/newsinfoco.com.br\/inicio\/wp-json\/wp\/v2\/comments?post=9947"}],"version-history":[{"count":0,"href":"https:\/\/newsinfoco.com.br\/inicio\/wp-json\/wp\/v2\/posts\/9947\/revisions"}],"wp:featuredmedia":[{"embeddable":true,"href":"https:\/\/newsinfoco.com.br\/inicio\/wp-json\/wp\/v2\/media\/9949"}],"wp:attachment":[{"href":"https:\/\/newsinfoco.com.br\/inicio\/wp-json\/wp\/v2\/media?parent=9947"}],"wp:term":[{"taxonomy":"category","embeddable":true,"href":"https:\/\/newsinfoco.com.br\/inicio\/wp-json\/wp\/v2\/categories?post=9947"},{"taxonomy":"post_tag","embeddable":true,"href":"https:\/\/newsinfoco.com.br\/inicio\/wp-json\/wp\/v2\/tags?post=9947"}],"curies":[{"name":"wp","href":"https:\/\/api.w.org\/{rel}","templated":true}]}}