{"id":9951,"date":"2018-09-28T20:36:30","date_gmt":"2018-09-28T23:36:30","guid":{"rendered":"http:\/\/newsinfoco.com.br\/?p=9951"},"modified":"2018-09-28T20:36:30","modified_gmt":"2018-09-28T23:36:30","slug":"investimento-em-saude-prefeitura-municipal-entrega-2-novos-veiculos-para-a-atencao-basica-na-proxima-sexta-feira-5","status":"publish","type":"post","link":"https:\/\/newsinfoco.com.br\/inicio\/investimento-em-saude-prefeitura-municipal-entrega-2-novos-veiculos-para-a-atencao-basica-na-proxima-sexta-feira-5\/","title":{"rendered":"Investimento em sa\u00fade: Prefeitura Municipal entrega 2 novos ve\u00edculos para a Aten\u00e7\u00e3o B\u00e1sica na pr\u00f3xima sexta-feira (5)"},"content":{"rendered":"<p style=\"text-align: justify;\"><span style=\"color: #000000;\">A popula\u00e7\u00e3o de Alagoinhas pode esperar novidades positivas para a cobertura em sa\u00fade no munic\u00edpio. Com o intuito de fortalecer a Aten\u00e7\u00e3o B\u00e1sica e de garantir a qualidade do servi\u00e7o oferecido ao cidad\u00e3o, a Prefeitura Municipal, atrav\u00e9s da Secretaria de Sa\u00fade (SESAU), tem investido na aquisi\u00e7\u00e3o de equipamentos e materiais permanentes que ser\u00e3o disponibilizados para o atendimento \u00e0 comunidade.<\/span><\/p>\n<p style=\"text-align: justify;\"><span style=\"color: #000000;\">Na pr\u00f3xima sexta-feira (5), o poder p\u00fablico entrega 2 novos ve\u00edculos tipo \u201chatch\u201d com capacidade para 5 pessoas \u00e0 Aten\u00e7\u00e3o B\u00e1sica do munic\u00edpio, atrav\u00e9s de recursos resgatados do fundo de 2014, ap\u00f3s o empenho da administra\u00e7\u00e3o atual.<\/span><\/p><div class=\"newsi-conteudo_19\" id=\"newsi-1779380092\"><a href=\"https:\/\/www.instagram.com\/prefeituraalagoinhas?igsh=YzgzdDJ1bWR3aWI4\" aria-label=\"SAVE_20251006_221555\"><img loading=\"lazy\" decoding=\"async\" src=\"https:\/\/newsinfoco.com.br\/inicio\/wp-content\/uploads\/2025\/10\/SAVE_20251006_221555-rotated.jpg\" alt=\"\"  srcset=\"https:\/\/newsinfoco.com.br\/inicio\/wp-content\/uploads\/2025\/10\/SAVE_20251006_221555-rotated.jpg 1140w, https:\/\/newsinfoco.com.br\/inicio\/wp-content\/uploads\/2025\/10\/SAVE_20251006_221555-300x52.jpg 300w, https:\/\/newsinfoco.com.br\/inicio\/wp-content\/uploads\/2025\/10\/SAVE_20251006_221555-1024x177.jpg 1024w, https:\/\/newsinfoco.com.br\/inicio\/wp-content\/uploads\/2025\/10\/SAVE_20251006_221555-768x133.jpg 768w, https:\/\/newsinfoco.com.br\/inicio\/wp-content\/uploads\/2025\/10\/SAVE_20251006_221555-600x104.jpg 600w, https:\/\/newsinfoco.com.br\/inicio\/wp-content\/uploads\/2025\/10\/SAVE_20251006_221555-696x120.jpg 696w, https:\/\/newsinfoco.com.br\/inicio\/wp-content\/uploads\/2025\/10\/SAVE_20251006_221555-1068x185.jpg 1068w\" sizes=\"(max-width: 1140px) 100vw, 1140px\" width=\"1140\" height=\"197\"   \/><\/a><\/div>\n<p style=\"text-align: justify;\"><span style=\"color: #000000;\">\u201cOs ve\u00edculos s\u00e3o propostas de emendas de recursos que estavam nas nossas contas desde 2014 e que a gest\u00e3o anterior n\u00e3o se atentou para fazer a aquisi\u00e7\u00e3o. Assim que essa gest\u00e3o identificou que algumas das propostas de fundo a fundo de emendas n\u00e3o haviam sido adquiridas em sua totalidade, fizemos um processo de investiga\u00e7\u00e3o interna, de an\u00e1lise de itens, para que fech\u00e1ssemos esse processo e revert\u00eassemos isso em benef\u00edcios \u00e0 popula\u00e7\u00e3o\u201d, explicou o diretor de planejamento da sa\u00fade, Edlam de Souza Santos.<\/span><\/p>\n<p style=\"text-align: justify;\"><span style=\"color: #000000;\">A a\u00e7\u00e3o n\u00e3o \u00e9 pontual. Segundo Edlam Santos, a SESAU tem desenvolvido propostas a partir de indica\u00e7\u00f5es de emendas parlamentares e tem investido recursos para a aquisi\u00e7\u00e3o de equipamentos pr\u00f3prios, que garantam a efici\u00eancia na presta\u00e7\u00e3o de servi\u00e7os \u00e0 comunidade.<\/span><\/p>\n<p style=\"text-align: justify;\"><span style=\"color: #000000;\">A inten\u00e7\u00e3o agora, segundo ele, \u00e9 impulsionar o processo de aquisi\u00e7\u00f5es, reformas e amplia\u00e7\u00f5es nas unidades.<\/span><\/p>\n<p style=\"text-align: justify;\">\n<p><img decoding=\"async\" src=\"https:\/\/www.alagoinhas.ba.gov.br\/wp-content\/uploads\/2018\/04\/sesau01_.jpg\" \/><\/p>\n<p style=\"text-align: justify;\"><span style=\"color: #000000;\">Para o secret\u00e1rio de sa\u00fade do munic\u00edpio, Moacir Lira, al\u00e9m de proporcionar condi\u00e7\u00f5es para que os profissionais do setor realizem o trabalho, a chegada dos ve\u00edculos facilita o deslocamento cont\u00ednuo das equipes, contribuindo para as a\u00e7\u00f5es desenvolvidas na Aten\u00e7\u00e3o B\u00e1sica. \u201cOs ve\u00edculos garantem que visitas domiciliares sejam potencializadas, asseguram melhor assist\u00eancia, permitem o suporte a pacientes acamados e conferem mobilidade \u00e0s nossas equipes de sa\u00fade, ent\u00e3o s\u00e3o benef\u00edcios in\u00fameros de investimentos que temos buscado justamente para atender \u00e0s demandas da Aten\u00e7\u00e3o B\u00e1sica, que \u00e9 a porta de entrada do sistema\u201d, destacou.<\/span><\/p>\n<p style=\"text-align: justify;\"><span style=\"color: #000000;\">A SESAU informou ainda que, at\u00e9 dezembro deste ano, deve agregar ainda mais, fortalecendo os equipamentos pr\u00f3prios e permanentes a t\u00edtulo de ve\u00edculos da secretaria com a aquisi\u00e7\u00e3o de mais 4 carros tipo \u201cpasseio\u201d. O intuito, segundo a diretoria de planejamento da pasta, \u00e9 que 3 deles sejam destinados \u00e0s equipes de sa\u00fade da fam\u00edlia e 1 seja encaminhado para o Centro de Aten\u00e7\u00e3o Psicossocial (CAPS), totalizando 6 novos ve\u00edculos para a frota de atendimento em sa\u00fade ainda neste semestre.<\/span><\/p>\n<p style=\"text-align: justify;\"><span style=\"color: #000000;\">\u201cA ideia \u00e9 que esses ve\u00edculos venham somar aos nossos servi\u00e7os j\u00e1 prestados e que venham, de fato, fortalecer a Aten\u00e7\u00e3o B\u00e1sica\u201d, pontuou Edlam Santos.<\/span><\/p>\n<p style=\"text-align: justify;\"><span style=\"color: #000000;\">A entrega inicial dos 2 ve\u00edculos \u00e0 rede est\u00e1 marcada para as 11h30, no estacionamento da<\/span> Prefeitura Municipal.<\/p>\n<p><strong>Servi\u00e7o<\/strong><br \/>\nEntrega de 2 ve\u00edculos \u00e0 Aten\u00e7\u00e3o B\u00e1sica<br \/>\n<strong>Data:<\/strong>\u00a005\/10\/2018<br \/>\n<strong>Hor\u00e1rio:<\/strong>\u00a011h30<br \/>\n<strong>Local:<\/strong>\u00a0Estacionamento da Prefeitura Municipal<\/p>\n<h6 style=\"text-align: right;\"><span style=\"color: #999999;\">Fonte: SECOM SESAU<\/span><\/h6>\n<div align=\"right\"><\/div>\n<div class='share-to-whatsapp-wrapper'><div class='share-on-whsp'>Share on: <\/div><a data-text='Investimento em sa\u00fade: Prefeitura Municipal entrega 2 novos ve\u00edculos para a Aten\u00e7\u00e3o B\u00e1sica na pr\u00f3xima sexta-feira (5)' data-link='https:\/\/newsinfoco.com.br\/inicio\/investimento-em-saude-prefeitura-municipal-entrega-2-novos-veiculos-para-a-atencao-basica-na-proxima-sexta-feira-5\/' class='whatsapp-button whatsapp-share'>WhatsApp<\/a><div class='clear '><\/div><\/div>","protected":false},"excerpt":{"rendered":"<p>A popula\u00e7\u00e3o de Alagoinhas pode esperar novidades positivas para a cobertura em sa\u00fade no munic\u00edpio. Com o intuito de fortalecer a Aten\u00e7\u00e3o B\u00e1sica e de garantir a qualidade do servi\u00e7o oferecido ao cidad\u00e3o, a Prefeitura Municipal, atrav\u00e9s da Secretaria de Sa\u00fade (SESAU), tem investido na aquisi\u00e7\u00e3o de equipamentos e materiais permanentes que ser\u00e3o disponibilizados para [&hellip;]<\/p>\n","protected":false},"author":1,"featured_media":9953,"comment_status":"open","ping_status":"open","sticky":false,"template":"","format":"standard","meta":{"om_disable_all_campaigns":false,"_exactmetrics_skip_tracking":false,"_exactmetrics_sitenote_active":false,"_exactmetrics_sitenote_note":"","_exactmetrics_sitenote_category":0,"footnotes":""},"categories":[38,30],"tags":[53,54,101],"class_list":["post-9951","post","type-post","status-publish","format-standard","has-post-thumbnail","hentry","category-alagoinhas-e-regiao","category-destaque","tag-alagoinhas","tag-prefeitura","tag-secom-sesau"],"aioseo_notices":[],"_links":{"self":[{"href":"https:\/\/newsinfoco.com.br\/inicio\/wp-json\/wp\/v2\/posts\/9951","targetHints":{"allow":["GET"]}}],"collection":[{"href":"https:\/\/newsinfoco.com.br\/inicio\/wp-json\/wp\/v2\/posts"}],"about":[{"href":"https:\/\/newsinfoco.com.br\/inicio\/wp-json\/wp\/v2\/types\/post"}],"author":[{"embeddable":true,"href":"https:\/\/newsinfoco.com.br\/inicio\/wp-json\/wp\/v2\/users\/1"}],"replies":[{"embeddable":true,"href":"https:\/\/newsinfoco.com.br\/inicio\/wp-json\/wp\/v2\/comments?post=9951"}],"version-history":[{"count":0,"href":"https:\/\/newsinfoco.com.br\/inicio\/wp-json\/wp\/v2\/posts\/9951\/revisions"}],"wp:featuredmedia":[{"embeddable":true,"href":"https:\/\/newsinfoco.com.br\/inicio\/wp-json\/wp\/v2\/media\/9953"}],"wp:attachment":[{"href":"https:\/\/newsinfoco.com.br\/inicio\/wp-json\/wp\/v2\/media?parent=9951"}],"wp:term":[{"taxonomy":"category","embeddable":true,"href":"https:\/\/newsinfoco.com.br\/inicio\/wp-json\/wp\/v2\/categories?post=9951"},{"taxonomy":"post_tag","embeddable":true,"href":"https:\/\/newsinfoco.com.br\/inicio\/wp-json\/wp\/v2\/tags?post=9951"}],"curies":[{"name":"wp","href":"https:\/\/api.w.org\/{rel}","templated":true}]}}