{"id":9958,"date":"2018-09-28T20:43:05","date_gmt":"2018-09-28T23:43:05","guid":{"rendered":"http:\/\/newsinfoco.com.br\/?p=9958"},"modified":"2018-09-28T20:43:05","modified_gmt":"2018-09-28T23:43:05","slug":"ruas-de-lazer-leva-atividades-recreativas-e-cuidados-com-a-saude-para-a-rua-luiz-viana","status":"publish","type":"post","link":"https:\/\/newsinfoco.com.br\/inicio\/ruas-de-lazer-leva-atividades-recreativas-e-cuidados-com-a-saude-para-a-rua-luiz-viana\/","title":{"rendered":"Ruas de Lazer leva atividades recreativas e cuidados com a Sa\u00fade para a Rua Luiz Viana"},"content":{"rendered":"<p style=\"text-align: justify;\"><span style=\"color: #000000;\">Neste domingo (30), a Rua Luiz Viana Filho estar\u00e1 interditada das 5h \u00e0s 11h para transformar-se em espa\u00e7o livre para a pr\u00e1tica de esportes e recrea\u00e7\u00e3o, com o programa Ruas de Lazer. Dentre as atividades previstas est\u00e3o um caf\u00e9-da -manh\u00e3, \u00e0s 8h, aulas de dan\u00e7a, em parceria com academias da cidade e servi\u00e7os oferecidos pela Secretaria de Sa\u00fade (SESAU).<\/span><\/p>\n<p style=\"text-align: justify;\"><span style=\"color: #000000;\">De acordo com o superintendente da SMTT, Raimundo Nonato, o Ruas de Lazer funcionar\u00e1, a principio, na Rua Luiz Viana Filho, aos domingos e feriados, mas o planejamento da prefeitura \u00e9 expandir o programa, criando outros espa\u00e7os para que crian\u00e7as, jovens, adultos possam se divertir e se exercitar.\u201d Pretendemos levar o Ruas de Lazer tamb\u00e9m \u00e0 pra\u00e7a Rui Barbosa, \u00a0oferecendo mais uma op\u00e7\u00e3o para corredores, skatistas, ciclistas ou simplesmente para as pessoas se encontrarem com toda a seguran\u00e7a\u201d, afirmou Raimundo Nonato.<\/span><\/p><div class=\"newsi-conteudo_19\" id=\"newsi-2146152283\"><a href=\"https:\/\/www.instagram.com\/prefeituraalagoinhas?igsh=YzgzdDJ1bWR3aWI4\" aria-label=\"SAVE_20251006_221555\"><img loading=\"lazy\" decoding=\"async\" src=\"https:\/\/newsinfoco.com.br\/inicio\/wp-content\/uploads\/2025\/10\/SAVE_20251006_221555-rotated.jpg\" alt=\"\"  srcset=\"https:\/\/newsinfoco.com.br\/inicio\/wp-content\/uploads\/2025\/10\/SAVE_20251006_221555-rotated.jpg 1140w, https:\/\/newsinfoco.com.br\/inicio\/wp-content\/uploads\/2025\/10\/SAVE_20251006_221555-300x52.jpg 300w, https:\/\/newsinfoco.com.br\/inicio\/wp-content\/uploads\/2025\/10\/SAVE_20251006_221555-1024x177.jpg 1024w, https:\/\/newsinfoco.com.br\/inicio\/wp-content\/uploads\/2025\/10\/SAVE_20251006_221555-768x133.jpg 768w, https:\/\/newsinfoco.com.br\/inicio\/wp-content\/uploads\/2025\/10\/SAVE_20251006_221555-600x104.jpg 600w, https:\/\/newsinfoco.com.br\/inicio\/wp-content\/uploads\/2025\/10\/SAVE_20251006_221555-696x120.jpg 696w, https:\/\/newsinfoco.com.br\/inicio\/wp-content\/uploads\/2025\/10\/SAVE_20251006_221555-1068x185.jpg 1068w\" sizes=\"(max-width: 1140px) 100vw, 1140px\" width=\"1140\" height=\"197\"   \/><\/a><\/div>\n<p style=\"text-align: justify;\"><span style=\"color: #000000;\">\u201d Atrav\u00e9s deste programa, vamos aproveitar o espa\u00e7o p\u00fablico da melhor maneira poss\u00edvel , com a\u00e7\u00f5es esportivas e de lazer para a popula\u00e7\u00e3o\u201d, disse o prefeito Joaquim Neto, que \u00a0tamb\u00e9m estar\u00e1 presente na Luiz Viana para aproveitar o domingo.<\/span><\/p>\n<h6 style=\"text-align: right;\"><span style=\"color: #999999;\">Fonte:SECOM<\/span><\/h6>\n<div class='share-to-whatsapp-wrapper'><div class='share-on-whsp'>Share on: <\/div><a data-text='Ruas de Lazer leva atividades recreativas e cuidados com a Sa\u00fade para a Rua Luiz Viana' data-link='https:\/\/newsinfoco.com.br\/inicio\/ruas-de-lazer-leva-atividades-recreativas-e-cuidados-com-a-saude-para-a-rua-luiz-viana\/' class='whatsapp-button whatsapp-share'>WhatsApp<\/a><div class='clear '><\/div><\/div>","protected":false},"excerpt":{"rendered":"<p>Neste domingo (30), a Rua Luiz Viana Filho estar\u00e1 interditada das 5h \u00e0s 11h para transformar-se em espa\u00e7o livre para a pr\u00e1tica de esportes e recrea\u00e7\u00e3o, com o programa Ruas de Lazer. Dentre as atividades previstas est\u00e3o um caf\u00e9-da -manh\u00e3, \u00e0s 8h, aulas de dan\u00e7a, em parceria com academias da cidade e servi\u00e7os oferecidos pela [&hellip;]<\/p>\n","protected":false},"author":1,"featured_media":9088,"comment_status":"open","ping_status":"open","sticky":false,"template":"","format":"standard","meta":{"om_disable_all_campaigns":false,"_exactmetrics_skip_tracking":false,"_exactmetrics_sitenote_active":false,"_exactmetrics_sitenote_note":"","_exactmetrics_sitenote_category":0,"footnotes":""},"categories":[38,30],"tags":[53,54,56],"class_list":["post-9958","post","type-post","status-publish","format-standard","has-post-thumbnail","hentry","category-alagoinhas-e-regiao","category-destaque","tag-alagoinhas","tag-prefeitura","tag-secom"],"aioseo_notices":[],"_links":{"self":[{"href":"https:\/\/newsinfoco.com.br\/inicio\/wp-json\/wp\/v2\/posts\/9958","targetHints":{"allow":["GET"]}}],"collection":[{"href":"https:\/\/newsinfoco.com.br\/inicio\/wp-json\/wp\/v2\/posts"}],"about":[{"href":"https:\/\/newsinfoco.com.br\/inicio\/wp-json\/wp\/v2\/types\/post"}],"author":[{"embeddable":true,"href":"https:\/\/newsinfoco.com.br\/inicio\/wp-json\/wp\/v2\/users\/1"}],"replies":[{"embeddable":true,"href":"https:\/\/newsinfoco.com.br\/inicio\/wp-json\/wp\/v2\/comments?post=9958"}],"version-history":[{"count":0,"href":"https:\/\/newsinfoco.com.br\/inicio\/wp-json\/wp\/v2\/posts\/9958\/revisions"}],"wp:featuredmedia":[{"embeddable":true,"href":"https:\/\/newsinfoco.com.br\/inicio\/wp-json\/wp\/v2\/media\/9088"}],"wp:attachment":[{"href":"https:\/\/newsinfoco.com.br\/inicio\/wp-json\/wp\/v2\/media?parent=9958"}],"wp:term":[{"taxonomy":"category","embeddable":true,"href":"https:\/\/newsinfoco.com.br\/inicio\/wp-json\/wp\/v2\/categories?post=9958"},{"taxonomy":"post_tag","embeddable":true,"href":"https:\/\/newsinfoco.com.br\/inicio\/wp-json\/wp\/v2\/tags?post=9958"}],"curies":[{"name":"wp","href":"https:\/\/api.w.org\/{rel}","templated":true}]}}