{"id":9960,"date":"2018-09-28T20:46:32","date_gmt":"2018-09-28T23:46:32","guid":{"rendered":"http:\/\/newsinfoco.com.br\/?p=9960"},"modified":"2018-09-28T20:46:32","modified_gmt":"2018-09-28T23:46:32","slug":"esporte-e-lazer-confira-a-agenda-de-atividades-previstas-para-este-final-de-semana-em-alagoinhas","status":"publish","type":"post","link":"https:\/\/newsinfoco.com.br\/inicio\/esporte-e-lazer-confira-a-agenda-de-atividades-previstas-para-este-final-de-semana-em-alagoinhas\/","title":{"rendered":"Esporte e lazer: Confira a agenda de atividades previstas para este final de semana em Alagoinhas"},"content":{"rendered":"<p style=\"text-align: justify;\"><span style=\"color: #000000;\">O final de semana em Alagoinhas promete op\u00e7\u00f5es variadas para quem deseja aproveitar o tempo livre sem ociosidade.<\/span><\/p>\n<p style=\"text-align: justify;\"><span style=\"color: #000000;\">No s\u00e1bado (29), os amantes de esporte podem acompanhar a final da Funda\u00e7\u00e3o Educacional Desportiva e Recreativa Op\u00e7\u00f5es (FEDRO), no Campo do Ferrovi\u00e1rio, a partir das 10h. E no domingo, \u00e0s 11h, quem gosta do \u201cbate-bola\u201d ainda pode aproveitar a partida final do Campeonato de Boa Uni\u00e3o.<\/span><\/p><div class=\"newsi-conteudo_19\" id=\"newsi-2830565329\"><a href=\"https:\/\/www.instagram.com\/prefeituraalagoinhas?igsh=YzgzdDJ1bWR3aWI4\" aria-label=\"SAVE_20251006_221555\"><img loading=\"lazy\" decoding=\"async\" src=\"https:\/\/newsinfoco.com.br\/inicio\/wp-content\/uploads\/2025\/10\/SAVE_20251006_221555-rotated.jpg\" alt=\"\"  srcset=\"https:\/\/newsinfoco.com.br\/inicio\/wp-content\/uploads\/2025\/10\/SAVE_20251006_221555-rotated.jpg 1140w, https:\/\/newsinfoco.com.br\/inicio\/wp-content\/uploads\/2025\/10\/SAVE_20251006_221555-300x52.jpg 300w, https:\/\/newsinfoco.com.br\/inicio\/wp-content\/uploads\/2025\/10\/SAVE_20251006_221555-1024x177.jpg 1024w, https:\/\/newsinfoco.com.br\/inicio\/wp-content\/uploads\/2025\/10\/SAVE_20251006_221555-768x133.jpg 768w, https:\/\/newsinfoco.com.br\/inicio\/wp-content\/uploads\/2025\/10\/SAVE_20251006_221555-600x104.jpg 600w, https:\/\/newsinfoco.com.br\/inicio\/wp-content\/uploads\/2025\/10\/SAVE_20251006_221555-696x120.jpg 696w, https:\/\/newsinfoco.com.br\/inicio\/wp-content\/uploads\/2025\/10\/SAVE_20251006_221555-1068x185.jpg 1068w\" sizes=\"(max-width: 1140px) 100vw, 1140px\" width=\"1140\" height=\"197\"   \/><\/a><\/div>\n<p style=\"text-align: justify;\"><span style=\"color: #000000;\">Tamb\u00e9m no domingo, \u00e0s 10h, o munic\u00edpio sedia um dos maiores campeonatos de Jiu-Jitsu da atualidade, o \u201cPrime Jiu-Jitsu Experience\u201d, no Gin\u00e1sio de Esportes Ant\u00f4nio Carlos Magalh\u00e3es, promovido pela Federa\u00e7\u00e3o Baiana de Jiu-Jitsu e MMA. Ser\u00e3o 300 atletas competindo em todas as categorias do esporte e um p\u00fablico esperado de 1500 pessoas prestigiando desportistas do Brasil e de fora.<\/span><\/p>\n<p style=\"text-align: justify;\"><span style=\"color: #000000;\">Para o cidad\u00e3o que pretende aproveitar o domingo em fam\u00edlia, n\u00e3o exatamente na ansiedade pelas disputas acirradas do esporte, o programa \u201cRuas de Lazer\u201d, de autoria do vereador Jorge de Santana Gon\u00e7alves, o \u201cJorge da Farinha\u201d, proporciona um espa\u00e7o seguro de recrea\u00e7\u00e3o. Com a Rua Luiz Viana Filho fechada das 5h \u00e0s 11h, crian\u00e7as, jovens, adultos e idosos podem se divertir \u00e0 vontade sem preocupa\u00e7\u00e3o com o tr\u00e1fego no local.<\/span><\/p>\n<p style=\"text-align: justify;\"><span style=\"color: #000000;\">E, para fechar a agenda de atividades com op\u00e7\u00f5es variadas, Alagoinhas sedia, no domingo (30), das 8h \u00e0s 16h, a 2\u00aa Exposi\u00e7\u00e3o Pitbull e American Bully, com apresenta\u00e7\u00e3o de \u2018Pit Game\u2019, palestras, vila comercial, desfile de beleza, espa\u00e7o kids e sorteios.<\/span><\/p>\n<p style=\"text-align: justify;\"><span style=\"color: #000000;\">Todas as realiza\u00e7\u00f5es contam com apoio do poder p\u00fablico municipal e participa\u00e7\u00e3o da Prefeitura.<\/span><\/p>\n<h6 style=\"text-align: right;\"><span style=\"color: #999999;\">Fonte: SECOM<\/span><\/h6>\n<div style=\"text-align: justify;\" align=\"right\"><\/div>\n<div class='share-to-whatsapp-wrapper'><div class='share-on-whsp'>Share on: <\/div><a data-text='Esporte e lazer: Confira a agenda de atividades previstas para este final de semana em Alagoinhas' data-link='https:\/\/newsinfoco.com.br\/inicio\/esporte-e-lazer-confira-a-agenda-de-atividades-previstas-para-este-final-de-semana-em-alagoinhas\/' class='whatsapp-button whatsapp-share'>WhatsApp<\/a><div class='clear '><\/div><\/div>","protected":false},"excerpt":{"rendered":"<p>O final de semana em Alagoinhas promete op\u00e7\u00f5es variadas para quem deseja aproveitar o tempo livre sem ociosidade. No s\u00e1bado (29), os amantes de esporte podem acompanhar a final da Funda\u00e7\u00e3o Educacional Desportiva e Recreativa Op\u00e7\u00f5es (FEDRO), no Campo do Ferrovi\u00e1rio, a partir das 10h. E no domingo, \u00e0s 11h, quem gosta do \u201cbate-bola\u201d ainda [&hellip;]<\/p>\n","protected":false},"author":1,"featured_media":9071,"comment_status":"open","ping_status":"open","sticky":false,"template":"","format":"standard","meta":{"om_disable_all_campaigns":false,"_exactmetrics_skip_tracking":false,"_exactmetrics_sitenote_active":false,"_exactmetrics_sitenote_note":"","_exactmetrics_sitenote_category":0,"footnotes":""},"categories":[38,30],"tags":[53,54,56],"class_list":["post-9960","post","type-post","status-publish","format-standard","has-post-thumbnail","hentry","category-alagoinhas-e-regiao","category-destaque","tag-alagoinhas","tag-prefeitura","tag-secom"],"aioseo_notices":[],"_links":{"self":[{"href":"https:\/\/newsinfoco.com.br\/inicio\/wp-json\/wp\/v2\/posts\/9960","targetHints":{"allow":["GET"]}}],"collection":[{"href":"https:\/\/newsinfoco.com.br\/inicio\/wp-json\/wp\/v2\/posts"}],"about":[{"href":"https:\/\/newsinfoco.com.br\/inicio\/wp-json\/wp\/v2\/types\/post"}],"author":[{"embeddable":true,"href":"https:\/\/newsinfoco.com.br\/inicio\/wp-json\/wp\/v2\/users\/1"}],"replies":[{"embeddable":true,"href":"https:\/\/newsinfoco.com.br\/inicio\/wp-json\/wp\/v2\/comments?post=9960"}],"version-history":[{"count":0,"href":"https:\/\/newsinfoco.com.br\/inicio\/wp-json\/wp\/v2\/posts\/9960\/revisions"}],"wp:featuredmedia":[{"embeddable":true,"href":"https:\/\/newsinfoco.com.br\/inicio\/wp-json\/wp\/v2\/media\/9071"}],"wp:attachment":[{"href":"https:\/\/newsinfoco.com.br\/inicio\/wp-json\/wp\/v2\/media?parent=9960"}],"wp:term":[{"taxonomy":"category","embeddable":true,"href":"https:\/\/newsinfoco.com.br\/inicio\/wp-json\/wp\/v2\/categories?post=9960"},{"taxonomy":"post_tag","embeddable":true,"href":"https:\/\/newsinfoco.com.br\/inicio\/wp-json\/wp\/v2\/tags?post=9960"}],"curies":[{"name":"wp","href":"https:\/\/api.w.org\/{rel}","templated":true}]}}