{"id":9962,"date":"2018-09-28T20:50:54","date_gmt":"2018-09-28T23:50:54","guid":{"rendered":"http:\/\/newsinfoco.com.br\/?p=9962"},"modified":"2018-09-28T20:50:54","modified_gmt":"2018-09-28T23:50:54","slug":"alto-do-santo-antonio-recebe-obras-de-pavimentacao-asfaltica","status":"publish","type":"post","link":"https:\/\/newsinfoco.com.br\/inicio\/alto-do-santo-antonio-recebe-obras-de-pavimentacao-asfaltica\/","title":{"rendered":"Alto do Santo Ant\u00f4nio recebe obras de pavimenta\u00e7\u00e3o asf\u00e1ltica"},"content":{"rendered":"<p style=\"text-align: justify;\">Muito em breve, os moradores do Alto do Santo Ant\u00f4nio, no Teres\u00f3polis, j\u00e1 poder\u00e3o comemorar dias melhores. Seguindo com o cronograma de requalifica\u00e7\u00e3o urbana, a prefeitura municipal deu in\u00edcio, nessa ter\u00e7a-feira (26), \u00e0s obras de assentamento de meio-fio, pass<\/p>\n<p style=\"text-align: justify;\">eio e pavimenta\u00e7\u00e3o em duas vias da localidade, infraestrutura que vai garantir melhores condi\u00e7\u00f5es de acesso, conforto e comodidade para quem convive h\u00e1 d\u00e9cadas com tr\u00e1fego prec\u00e1rio\u00a0 e os transtornos provocados por poeira e lama.<\/p><div class=\"newsi-conteudo_19\" id=\"newsi-2701836235\"><a href=\"https:\/\/www.instagram.com\/prefeituraalagoinhas?igsh=YzgzdDJ1bWR3aWI4\" aria-label=\"SAVE_20251006_221555\"><img loading=\"lazy\" decoding=\"async\" src=\"https:\/\/newsinfoco.com.br\/inicio\/wp-content\/uploads\/2025\/10\/SAVE_20251006_221555-rotated.jpg\" alt=\"\"  srcset=\"https:\/\/newsinfoco.com.br\/inicio\/wp-content\/uploads\/2025\/10\/SAVE_20251006_221555-rotated.jpg 1140w, https:\/\/newsinfoco.com.br\/inicio\/wp-content\/uploads\/2025\/10\/SAVE_20251006_221555-300x52.jpg 300w, https:\/\/newsinfoco.com.br\/inicio\/wp-content\/uploads\/2025\/10\/SAVE_20251006_221555-1024x177.jpg 1024w, https:\/\/newsinfoco.com.br\/inicio\/wp-content\/uploads\/2025\/10\/SAVE_20251006_221555-768x133.jpg 768w, https:\/\/newsinfoco.com.br\/inicio\/wp-content\/uploads\/2025\/10\/SAVE_20251006_221555-600x104.jpg 600w, https:\/\/newsinfoco.com.br\/inicio\/wp-content\/uploads\/2025\/10\/SAVE_20251006_221555-696x120.jpg 696w, https:\/\/newsinfoco.com.br\/inicio\/wp-content\/uploads\/2025\/10\/SAVE_20251006_221555-1068x185.jpg 1068w\" sizes=\"(max-width: 1140px) 100vw, 1140px\" width=\"1140\" height=\"197\"   \/><\/a><\/div>\n<p style=\"text-align: justify;\">De acordo com a Secretaria de Infraestrutura (SECIN), nas duas vias, ser\u00e3o mais de 1.680 m\u00b2 de asfalto de qualidade e 800 m\u00b2 de passeio. \u201c Esse importante benef\u00edcio tamb\u00e9m vai garantir um novo visual ao lugar e, consequentemente, a valoriza\u00e7\u00e3o dos im\u00f3veis\u201d, afirmou o secret\u00e1rio da pasta, Andr\u00e9 Carvalho.<\/p>\n<p><img decoding=\"async\" src=\"https:\/\/www.alagoinhas.ba.gov.br\/wp-content\/uploads\/2018\/09\/5157c646-ee84-4030-8b55-77da7d657d68-1024x678.jpg\" \/><\/p>\n<p>&nbsp;<\/p>\n<p style=\"text-align: justify;\">Morador do bairro desde a d\u00e9cada de 1970, Paulino Santos, 74 anos, \u00e9 cadeirante e conta que s\u00f3 agora viu melhorias na sua rua.\u201dSou do tempo em que aqui ainda tinham postes de madeira e at\u00e9 aqui, foram muitos anos de espera para a chegada de algum benef\u00edcio. Sem o asfalto, at\u00e9 quem n\u00e3o precisa de cadeira de rodas,em alguns dias n\u00e3o se podia\u00a0 \u00a0andar nem de carro\u201d, conta.<\/p>\n<p><img decoding=\"async\" src=\"https:\/\/www.alagoinhas.ba.gov.br\/wp-content\/uploads\/2018\/09\/cbe3d732-1c7e-4b49-a36f-45d9aadf1084-1024x678.jpg\" \/><\/p>\n<p style=\"text-align: justify;\">Ainda no Alto do Santo Ant\u00f4nio, a popula\u00e7\u00e3o tamb\u00e9m foi beneficiada este ano com melhorias na Ilumina\u00e7\u00e3o P\u00fablica. H\u00e1 oito meses, boa parte da localidade recebeu extens\u00e3o de rede, e 55 bra\u00e7os de 70W foram trocados por bra\u00e7os mais longos com l\u00e2mpadas de 250W.<\/p>\n<p><img decoding=\"async\" src=\"https:\/\/www.alagoinhas.ba.gov.br\/wp-content\/uploads\/2018\/09\/0257077f-ed12-42b4-865c-5a48698d070f-1024x678.jpg\" \/><\/p>\n<h6 style=\"text-align: right;\">Fonte: SECOM<\/h6>\n<div class='share-to-whatsapp-wrapper'><div class='share-on-whsp'>Share on: <\/div><a data-text='Alto do Santo Ant\u00f4nio recebe obras de pavimenta\u00e7\u00e3o asf\u00e1ltica' data-link='https:\/\/newsinfoco.com.br\/inicio\/alto-do-santo-antonio-recebe-obras-de-pavimentacao-asfaltica\/' class='whatsapp-button whatsapp-share'>WhatsApp<\/a><div class='clear '><\/div><\/div>","protected":false},"excerpt":{"rendered":"<p>Muito em breve, os moradores do Alto do Santo Ant\u00f4nio, no Teres\u00f3polis, j\u00e1 poder\u00e3o comemorar dias melhores. Seguindo com o cronograma de requalifica\u00e7\u00e3o urbana, a prefeitura municipal deu in\u00edcio, nessa ter\u00e7a-feira (26), \u00e0s obras de assentamento de meio-fio, pass eio e pavimenta\u00e7\u00e3o em duas vias da localidade, infraestrutura que vai garantir melhores condi\u00e7\u00f5es de acesso, [&hellip;]<\/p>\n","protected":false},"author":1,"featured_media":9963,"comment_status":"open","ping_status":"open","sticky":false,"template":"","format":"standard","meta":{"om_disable_all_campaigns":false,"_exactmetrics_skip_tracking":false,"_exactmetrics_sitenote_active":false,"_exactmetrics_sitenote_note":"","_exactmetrics_sitenote_category":0,"footnotes":""},"categories":[1],"tags":[53,54,56],"class_list":["post-9962","post","type-post","status-publish","format-standard","has-post-thumbnail","hentry","category-sem-categoria","tag-alagoinhas","tag-prefeitura","tag-secom"],"aioseo_notices":[],"_links":{"self":[{"href":"https:\/\/newsinfoco.com.br\/inicio\/wp-json\/wp\/v2\/posts\/9962","targetHints":{"allow":["GET"]}}],"collection":[{"href":"https:\/\/newsinfoco.com.br\/inicio\/wp-json\/wp\/v2\/posts"}],"about":[{"href":"https:\/\/newsinfoco.com.br\/inicio\/wp-json\/wp\/v2\/types\/post"}],"author":[{"embeddable":true,"href":"https:\/\/newsinfoco.com.br\/inicio\/wp-json\/wp\/v2\/users\/1"}],"replies":[{"embeddable":true,"href":"https:\/\/newsinfoco.com.br\/inicio\/wp-json\/wp\/v2\/comments?post=9962"}],"version-history":[{"count":0,"href":"https:\/\/newsinfoco.com.br\/inicio\/wp-json\/wp\/v2\/posts\/9962\/revisions"}],"wp:featuredmedia":[{"embeddable":true,"href":"https:\/\/newsinfoco.com.br\/inicio\/wp-json\/wp\/v2\/media\/9963"}],"wp:attachment":[{"href":"https:\/\/newsinfoco.com.br\/inicio\/wp-json\/wp\/v2\/media?parent=9962"}],"wp:term":[{"taxonomy":"category","embeddable":true,"href":"https:\/\/newsinfoco.com.br\/inicio\/wp-json\/wp\/v2\/categories?post=9962"},{"taxonomy":"post_tag","embeddable":true,"href":"https:\/\/newsinfoco.com.br\/inicio\/wp-json\/wp\/v2\/tags?post=9962"}],"curies":[{"name":"wp","href":"https:\/\/api.w.org\/{rel}","templated":true}]}}